{"id":223,"date":"2026-04-01T19:08:44","date_gmt":"2026-04-01T19:08:44","guid":{"rendered":"https:\/\/gestiondepatrimoinearles.fr\/blog\/assurance-prevoyance-tpe-223"},"modified":"2026-04-01T19:08:44","modified_gmt":"2026-04-01T19:08:44","slug":"assurance-prevoyance-tpe","status":"publish","type":"post","link":"https:\/\/gestiondepatrimoinearles.fr\/blog\/assurance-prevoyance-tpe-223","title":{"rendered":"Assurance Pr\u00e9voyance Personnalis\u00e9e pour Particuliers et Tr\u00e8s Petites Entreprises"},"content":{"rendered":"<p class=\"wp-block-paragraph\">Dirigeants de micro-entreprises, ind\u00e9pendants et particuliers \u00e0 la recherche d&rsquo;une <strong>assurance pr\u00e9voyance personnalis\u00e9e<\/strong> : cet article propose un panorama concret et op\u00e9rationnel pour prot\u00e9ger vos revenus, vos proches et la p\u00e9rennit\u00e9 de vos activit\u00e9s. En s&rsquo;appuyant sur des exemples pratiques \u2014 dont celui de Marie, boulang\u00e8re artisanale \u00e0 la t\u00eate d&rsquo;une <strong>tr\u00e8s petite entreprise<\/strong> de 4 salari\u00e9s \u2014 nous explorons les garanties indispensables, les offres du march\u00e9, les m\u00e9thodes pour comparer efficacement les contrats et les \u00e9tapes de souscription. Vous trouverez des rep\u00e8res chiffr\u00e9s, un tableau comparatif synth\u00e9tique, des listes de crit\u00e8res \u00e0 privil\u00e9gier et des conseils pour adapter une <strong>couverture sur mesure<\/strong> \u00e0 votre situation en 2026.<\/p>\n\n<ul class=\"wp-block-list\"><li><strong>En bref :<\/strong> points cl\u00e9s \u00e0 retenir<\/li><li><strong>Protection sociale<\/strong> : la pr\u00e9voyance couvre d\u00e9c\u00e8s, invalidit\u00e9, incapacit\u00e9 et maintien de salaire.<\/li><li><strong>Garantie d\u00e9c\u00e8s<\/strong> et <strong>indemnit\u00e9s journali\u00e8res<\/strong> : prioritaires pour les familles et dirigeants.<\/li><li>Co\u00fbt indicatif : entre <strong>20 et 40 \u20ac<\/strong> par salari\u00e9\/mois selon le niveau de garanties.<\/li><li>Comparaison indispensable : modularit\u00e9, exclusions, d\u00e9lais de carence et services RH sont d\u00e9cisifs.<\/li><li>Solutions pour TPE : formules socles faciles \u00e0 g\u00e9rer ; pour structures en croissance : options \u00e9volutives et services digitaux.<\/li><\/ul>\n\n<div id=\"ez-toc-container\" class=\"ez-toc-v2_0_81 counter-hierarchy ez-toc-counter ez-toc-transparent ez-toc-container-direction\">\n<div class=\"ez-toc-title-container\">\n<p class=\"ez-toc-title\" style=\"cursor:inherit\">Table of Contents<\/p>\n<span class=\"ez-toc-title-toggle\"><a href=\"#\" class=\"ez-toc-pull-right ez-toc-btn ez-toc-btn-xs ez-toc-btn-default ez-toc-toggle\" aria-label=\"Toggle Table of Content\"><span class=\"ez-toc-js-icon-con\"><span class=\"\"><span class=\"eztoc-hide\" style=\"display:none;\">Toggle<\/span><span class=\"ez-toc-icon-toggle-span\"><svg style=\"fill: #999;color:#999\" xmlns=\"http:\/\/www.w3.org\/2000\/svg\" class=\"list-377408\" width=\"20px\" height=\"20px\" viewBox=\"0 0 24 24\" fill=\"none\"><path d=\"M6 6H4v2h2V6zm14 0H8v2h12V6zM4 11h2v2H4v-2zm16 0H8v2h12v-2zM4 16h2v2H4v-2zm16 0H8v2h12v-2z\" fill=\"currentColor\"><\/path><\/svg><svg style=\"fill: #999;color:#999\" class=\"arrow-unsorted-368013\" xmlns=\"http:\/\/www.w3.org\/2000\/svg\" width=\"10px\" height=\"10px\" viewBox=\"0 0 24 24\" version=\"1.2\" baseProfile=\"tiny\"><path d=\"M18.2 9.3l-6.2-6.3-6.2 6.3c-.2.2-.3.4-.3.7s.1.5.3.7c.2.2.4.3.7.3h11c.3 0 .5-.1.7-.3.2-.2.3-.5.3-.7s-.1-.5-.3-.7zM5.8 14.7l6.2 6.3 6.2-6.3c.2-.2.3-.5.3-.7s-.1-.5-.3-.7c-.2-.2-.4-.3-.7-.3h-11c-.3 0-.5.1-.7.3-.2.2-.3.5-.3.7s.1.5.3.7z\"\/><\/svg><\/span><\/span><\/span><\/a><\/span><\/div>\n<nav><ul class='ez-toc-list ez-toc-list-level-1 ' ><li class='ez-toc-page-1 ez-toc-heading-level-2'><a class=\"ez-toc-link ez-toc-heading-1\" href=\"https:\/\/gestiondepatrimoinearles.fr\/blog\/assurance-prevoyance-tpe-223\/#Panorama_des_besoins_pour_particuliers_et_tres_petites_entreprises_comprendre_lenjeu_humain_et_financier\" >Panorama des besoins pour particuliers et tr\u00e8s petites entreprises : comprendre l&rsquo;enjeu humain et financier<\/a><\/li><li class='ez-toc-page-1 ez-toc-heading-level-2'><a class=\"ez-toc-link ez-toc-heading-2\" href=\"https:\/\/gestiondepatrimoinearles.fr\/blog\/assurance-prevoyance-tpe-223\/#Les_garanties_essentielles_dune_assurance_prevoyance_personnalisee_pour_particuliers_et_TPE\" >Les garanties essentielles d&rsquo;une assurance pr\u00e9voyance personnalis\u00e9e pour particuliers et TPE<\/a><\/li><li class='ez-toc-page-1 ez-toc-heading-level-2'><a class=\"ez-toc-link ez-toc-heading-3\" href=\"https:\/\/gestiondepatrimoinearles.fr\/blog\/assurance-prevoyance-tpe-223\/#Comparatif_des_offres_et_criteres_pour_selectionner_une_couverture_sur_mesure\" >Comparatif des offres et crit\u00e8res pour s\u00e9lectionner une couverture sur mesure<\/a><\/li><li class='ez-toc-page-1 ez-toc-heading-level-2'><a class=\"ez-toc-link ez-toc-heading-4\" href=\"https:\/\/gestiondepatrimoinearles.fr\/blog\/assurance-prevoyance-tpe-223\/#Processus_de_souscription_etapes_pratiques_et_conseils_pour_une_mise_en_place_efficace\" >Processus de souscription, \u00e9tapes pratiques et conseils pour une mise en place efficace<\/a><\/li><li class='ez-toc-page-1 ez-toc-heading-level-2'><a class=\"ez-toc-link ez-toc-heading-5\" href=\"https:\/\/gestiondepatrimoinearles.fr\/blog\/assurance-prevoyance-tpe-223\/#Scenarios_types_etudes_de_cas_et_recommandations_pour_adapter_la_couverture\" >Sc\u00e9narios types, \u00e9tudes de cas et recommandations pour adapter la couverture<\/a><\/li><\/ul><\/nav><\/div>\n<h2 class=\"wp-block-heading\"><span class=\"ez-toc-section\" id=\"Panorama_des_besoins_pour_particuliers_et_tres_petites_entreprises_comprendre_lenjeu_humain_et_financier\"><\/span>Panorama des besoins pour particuliers et tr\u00e8s petites entreprises : comprendre l&rsquo;enjeu humain et financier<span class=\"ez-toc-section-end\"><\/span><\/h2>\n\n<p class=\"wp-block-paragraph\">Marie tient la <strong>Boulangerie L&rsquo;Atelier<\/strong> depuis dix ans. Avec trois apprentis et un salari\u00e9 \u00e0 temps partiel, elle est confront\u00e9e \u00e0 une question simple et lourde de cons\u00e9quences : que se passerait-il si elle devait cesser son activit\u00e9 temporairement ou d\u00e9finitivement ? Ce cas illustre les besoins communs aux <strong>particuliers<\/strong> et aux <strong>tr\u00e8s petites entreprises<\/strong> : garantir un niveau de vie, prot\u00e9ger la famille et pr\u00e9server l&rsquo;activit\u00e9 \u00e9conomique.<\/p>\n\n<p class=\"wp-block-paragraph\">La <strong>protection sociale<\/strong> de base en France ne suffit souvent pas \u00e0 compenser l&rsquo;arr\u00eat de revenus. La S\u00e9curit\u00e9 sociale verse des prestations, mais celles-ci sont fr\u00e9quemment incompl\u00e8tes pour couvrir l&rsquo;ensemble des charges (cr\u00e9dit, loyers, salaires). Pour une dirigeante comme Marie, la pr\u00e9voyance devient alors une strat\u00e9gie financi\u00e8re et humaine : elle couvre le risque d&rsquo;arr\u00eat de travail, l&rsquo;invalidit\u00e9 et le d\u00e9c\u00e8s, et elle rassure les salari\u00e9s quant \u00e0 la p\u00e9rennit\u00e9 de leurs revenus en cas d&rsquo;al\u00e9a.<\/p>\n\n<h3 class=\"wp-block-heading\">Les probl\u00e9matiques sp\u00e9cifiques des TPE<\/h3>\n\n<p class=\"wp-block-paragraph\">Les petites structures affrontent plusieurs contraintes : sensibilit\u00e9 au co\u00fbt des cotisations, besoin de simplicit\u00e9 administrative, obligation \u00e9ventuelle de souscrire selon la convention collective, et n\u00e9cessit\u00e9 d&rsquo;une couverture adapt\u00e9e aux risques m\u00e9tiers (travail physique, d\u00e9placements). L&rsquo;absent\u00e9isme g\u00e9n\u00e9r\u00e9 par une maladie longue ou un accident peut d\u00e9stabiliser l&rsquo;activit\u00e9 et induire des charges suppl\u00e9mentaires. Ainsi, la pr\u00e9voyance permet de limiter l&rsquo;impact financier et manag\u00e9rial en assurant un versement compl\u00e9mentaire ou un maintien partiel du salaire.<\/p>\n\n<h3 class=\"wp-block-heading\">Pourquoi personnaliser plut\u00f4t que standardiser ?<\/h3>\n\n<p class=\"wp-block-paragraph\">La personnalisation \u00e9vite le pi\u00e8ge d&rsquo;une couverture inad\u00e9quate ou co\u00fbteuse. Pour Marie, par exemple, une formule socle avec <strong>indemnit\u00e9s journali\u00e8res<\/strong> et une <strong>garantie d\u00e9c\u00e8s<\/strong> minimale prot\u00e8ge l&rsquo;essentiel tout en restant abordable. \u00c0 l&rsquo;inverse, un salon de coiffure avec employ\u00e9s sur rendez-vous privil\u00e9giera des services d&rsquo;accompagnement et une gestion digitale pour limiter les ruptures d&rsquo;activit\u00e9. La personnalisation permet d&rsquo;\u00e9quilibrer budget et protection, et renforce la valeur employeur aupr\u00e8s des talents.<\/p>\n\n<p class=\"wp-block-paragraph\">En synth\u00e8se, identifier pr\u00e9cis\u00e9ment les risques (physiques, financiers, familiaux) et prioriser les garanties essentielles est la premi\u00e8re \u00e9tape pour construire une pr\u00e9voyance efficace. Cette r\u00e9flexion pr\u00e9pare le terrain pour la comparaison des offres et la s\u00e9lection d&rsquo;une <strong>couverture sur mesure<\/strong>.<\/p>\n\n<p class=\"wp-block-paragraph\"><strong>Insight :<\/strong> Une pr\u00e9voyance adapt\u00e9e transforme un risque individuel en filet de s\u00e9curit\u00e9 collectif, pr\u00e9servant la sant\u00e9 financi\u00e8re de l&rsquo;entreprise et le bien-\u00eatre des salari\u00e9s.<\/p>\n\n<figure class=\"wp-block-image size-full\"><img decoding=\"async\" width=\"1024\" height=\"1536\" src=\"https:\/\/gestiondepatrimoinearles.fr\/blog\/wp-content\/uploads\/2026\/04\/Assurance-Prevoyance-Personnalisee-pour-Particuliers-et-Tres-Petites-Entreprises-1.jpg\" alt=\"d\u00e9couvrez notre assurance pr\u00e9voyance personnalis\u00e9e, sp\u00e9cialement con\u00e7ue pour les particuliers et les tr\u00e8s petites entreprises, afin de prot\u00e9ger votre avenir et celui de vos proches avec des solutions adapt\u00e9es \u00e0 vos besoins.\" class=\"wp-image-220\" srcset=\"https:\/\/gestiondepatrimoinearles.fr\/blog\/wp-content\/uploads\/2026\/04\/Assurance-Prevoyance-Personnalisee-pour-Particuliers-et-Tres-Petites-Entreprises-1.jpg 1024w, https:\/\/gestiondepatrimoinearles.fr\/blog\/wp-content\/uploads\/2026\/04\/Assurance-Prevoyance-Personnalisee-pour-Particuliers-et-Tres-Petites-Entreprises-1-200x300.jpg 200w, https:\/\/gestiondepatrimoinearles.fr\/blog\/wp-content\/uploads\/2026\/04\/Assurance-Prevoyance-Personnalisee-pour-Particuliers-et-Tres-Petites-Entreprises-1-683x1024.jpg 683w, https:\/\/gestiondepatrimoinearles.fr\/blog\/wp-content\/uploads\/2026\/04\/Assurance-Prevoyance-Personnalisee-pour-Particuliers-et-Tres-Petites-Entreprises-1-768x1152.jpg 768w\" sizes=\"(max-width: 1024px) 100vw, 1024px\" \/><\/figure>\n\n<h2 class=\"wp-block-heading\"><span class=\"ez-toc-section\" id=\"Les_garanties_essentielles_dune_assurance_prevoyance_personnalisee_pour_particuliers_et_TPE\"><\/span>Les garanties essentielles d&rsquo;une assurance pr\u00e9voyance personnalis\u00e9e pour particuliers et TPE<span class=\"ez-toc-section-end\"><\/span><\/h2>\n\n<p class=\"wp-block-paragraph\">Identifier les garanties prioritaires aide \u00e0 b\u00e2tir une <strong>assurance pr\u00e9voyance personnalis\u00e9e<\/strong> et rentable. Les contrats destin\u00e9s aux TPE\/PME comportent plusieurs volets incontournables : garantie d\u00e9c\u00e8s, indemnit\u00e9s journali\u00e8res pour incapacit\u00e9 temporaire, rentes en cas d&rsquo;invalidit\u00e9 permanente, capital obs\u00e8ques et options pour affections longues. Chaque garantie doit \u00eatre ajust\u00e9e au profil de l&rsquo;entreprise et des assur\u00e9s.<\/p>\n\n<h3 class=\"wp-block-heading\">Garantie d\u00e9c\u00e8s et rente \u00e9ducation<\/h3>\n\n<p class=\"wp-block-paragraph\">La <strong>garantie d\u00e9c\u00e8s<\/strong> verse un capital ou une rente aux ayants droit. Pour un chef d&rsquo;entreprise, ce capital peut servir \u00e0 rembourser un cr\u00e9dit, maintenir un niveau de tr\u00e9sorerie ou reprendre l&rsquo;activit\u00e9. La rente \u00e9ducation soutient les enfants et s&rsquo;\u00e9chelonne souvent jusqu&rsquo;\u00e0 25 ans. Exemple pratique : si Marie souscrit une garantie d\u00e9c\u00e8s de 30 000 \u20ac, ses enfants b\u00e9n\u00e9ficient d&rsquo;un soutien financier direct, et la boulangerie peut mieux absorber la perte de revenus.<\/p>\n\n<h3 class=\"wp-block-heading\">Indemnit\u00e9s journali\u00e8res et maintien de salaire<\/h3>\n\n<p class=\"wp-block-paragraph\">Les <strong>indemnit\u00e9s journali\u00e8res<\/strong> compl\u00e8tent les prestations de la S\u00e9curit\u00e9 sociale. Elles permettent de maintenir un niveau de vie pendant la p\u00e9riode d&rsquo;arr\u00eat. Pour un salari\u00e9 pay\u00e9 80 \u20ac par jour, une indemnit\u00e9 compl\u00e9mentaire de 30 \u20ac par jour, pendant la carence pr\u00e9vue, r\u00e9duit les tensions financi\u00e8res. La modularit\u00e9 (plafond, dur\u00e9e, carence) est essentielle pour ma\u00eetriser le co\u00fbt tout en restant efficace.<\/p>\n\n<h3 class=\"wp-block-heading\">Invalidit\u00e9 permanente et capital obs\u00e8ques<\/h3>\n\n<p class=\"wp-block-paragraph\">La prise en charge en cas d&rsquo;invalidit\u00e9 pr\u00e9voit le versement d&rsquo;une rente ou d&rsquo;un capital selon le taux d&rsquo;invalidit\u00e9. Les contrats peuvent distinguer plusieurs degr\u00e9s d&rsquo;invalidit\u00e9 et pr\u00e9voir des prestations adapt\u00e9es. Le capital obs\u00e8ques all\u00e8ge le poids financier et logistique pour la famille, souvent n\u00e9glig\u00e9 mais d\u00e9terminant en cas de d\u00e9c\u00e8s.<\/p>\n\n<h3 class=\"wp-block-heading\">Services associ\u00e9s : maintien de l&#8217;emploi et accompagnement<\/h3>\n\n<p class=\"wp-block-paragraph\">Au-del\u00e0 des indemnit\u00e9s, les offres modernes incluent des services d&rsquo;accompagnement : assistance psychologique, aide au retour \u00e0 l&#8217;emploi, t\u00e9l\u00e9consultation, et aides pratiques (m\u00e9nage, livraison). Ces services augmentent l&rsquo;utilit\u00e9 quotidienne de la pr\u00e9voyance, limitent l&rsquo;absent\u00e9isme prolong\u00e9 et am\u00e9liorent la fid\u00e9lisation des salari\u00e9s.<\/p>\n\n<p class=\"wp-block-paragraph\">Pour bien choisir, comparez les plafonds, les d\u00e9lais de carence, les exclusions et la possibilit\u00e9 de modulabilit\u00e9. Une clause cl\u00e9 : l&rsquo;int\u00e9gration des risques professionnels ou des maladies de longue dur\u00e9e. En conclusion de cette section : s\u00e9lectionner une combinaison \u00e9quilibr\u00e9e entre <strong>compl\u00e9mentaire sant\u00e9<\/strong> et pr\u00e9voyance assure une protection compl\u00e8te des revenus et du capital humain.<\/p>\n\n<p class=\"wp-block-paragraph\"><strong>Insight :<\/strong> Prioriser la <strong>garantie d\u00e9c\u00e8s<\/strong> et les <strong>indemnit\u00e9s journali\u00e8res<\/strong> assure la continuit\u00e9 de la vie familiale et de l&rsquo;activit\u00e9 professionnelle en cas d&rsquo;impr\u00e9vu.<\/p>\n\n<h2 class=\"wp-block-heading\"><span class=\"ez-toc-section\" id=\"Comparatif_des_offres_et_criteres_pour_selectionner_une_couverture_sur_mesure\"><\/span>Comparatif des offres et crit\u00e8res pour s\u00e9lectionner une couverture sur mesure<span class=\"ez-toc-section-end\"><\/span><\/h2>\n\n<p class=\"wp-block-paragraph\">En 2026, le march\u00e9 de la pr\u00e9voyance propose des solutions diverses : mutualistes, bancaires et assurantielles. Pour trier les offres, utilisez des crit\u00e8res pr\u00e9cis : co\u00fbt, modularit\u00e9, services additionnels, simplicit\u00e9 de gestion et r\u00e9putation de l&rsquo;assureur. Voici un tableau synth\u00e9tique issu d&rsquo;un panorama repr\u00e9sentatif pour orienter votre comparaison.<\/p>\n\n<figure class=\"wp-block-table\"><table>\n<thead>\n<tr>\n<th>Assureur \/ Mutuelle<\/th>\n<th>Formule phare pour TPE\/PME<\/th>\n<th>Points forts<\/th>\n<th>Tarif indicatif<\/th>\n<\/tr>\n<\/thead>\n<tbody>\n<tr>\n<td>SwissLife<\/td>\n<td>Pr\u00e9voyance Entreprises +<\/td>\n<td>Souplesse, personnalisation, services digitaux<\/td>\n<td>20 \u20ac\/mois<\/td>\n<\/tr>\n<tr>\n<td>Malakoff Humanis<\/td>\n<td>Pok\u00e9 (TPE) \/ Entreprises Sant\u00e9 +<\/td>\n<td>Gestion simplifi\u00e9e, options sant\u00e9\/pr\u00e9voyance<\/td>\n<td>22\u201334 \u20ac\/mois<\/td>\n<\/tr>\n<tr>\n<td>A\u00e9sio<\/td>\n<td>Sant\u00e9 Entreprises<\/td>\n<td>Offres modulables, assistance sociale<\/td>\n<td>23 \u20ac\/mois<\/td>\n<\/tr>\n<tr>\n<td>April<\/td>\n<td>Garanties Sant\u00e9 Modulaire<\/td>\n<td>Flexibilit\u00e9, gestion 100% digitale<\/td>\n<td>23 \u20ac\/mois<\/td>\n<\/tr>\n<tr>\n<td>Apicil<\/td>\n<td>PROFIL\u2019R CO<\/td>\n<td>Niveau de garanties personnalisable<\/td>\n<td>23 \u20ac\/mois<\/td>\n<\/tr>\n<tr>\n<td>AXA<\/td>\n<td>Pr\u00e9voyance Entreprises<\/td>\n<td>Solutions sectorielles et gestion patrimoniale<\/td>\n<td>30 \u20ac\/mois<\/td>\n<\/tr>\n<\/tbody>\n<\/table><\/figure>\n\n<h3 class=\"wp-block-heading\">Comment lire ce tableau et agir ?<\/h3>\n\n<p class=\"wp-block-paragraph\">Le tarif indicatif sert uniquement de rep\u00e8re : il varie selon l&rsquo;\u00e2ge, l&rsquo;\u00e9tat de sant\u00e9, le ratio employeur\/salari\u00e9 et les options choisies. \u00c0 la lecture, privil\u00e9giez les offres avec portails RH performants si vous souhaitez limiter la charge administrative. Les formules digitalis\u00e9es conviennent aux structures o\u00f9 l&rsquo;autonomie est cl\u00e9, tandis que les solutions mutualistes apportent souvent un soutien social et des tarifs avantageux pour les publics fragiles.<\/p>\n\n<p class=\"wp-block-paragraph\">Un acteur ind\u00e9pendant ou un courtier peut rationaliser les devis. Par exemple, Marie a consult\u00e9 trois offres, puis sollicit\u00e9 un courtier qui a r\u00e9duit ses cotisations de 12 % en ajustant les franchises et en groupant compl\u00e9mentaire sant\u00e9 et pr\u00e9voyance. Pour des d\u00e9marches en ligne ou des simulations, vous pouvez aussi regarder des sp\u00e9cialistes du march\u00e9, comme <a href=\"https:\/\/decagone-prevoyance.fr\/\" target=\"_blank\" rel=\"noopener\">Decagone Prevoyance<\/a>, qui proposent des comparateurs et des conseils pour personnaliser les garanties.<\/p>\n\n<p class=\"wp-block-paragraph\">Au final, la d\u00e9cision se fonde sur un arbitrage clair entre co\u00fbt et niveau de protection, avec un point d&rsquo;attention sur les exclusions et les d\u00e9lais de carence. Une lecture attentive des notices est indispensable avant signature.<\/p>\n\n<p class=\"wp-block-paragraph\"><strong>Insight :<\/strong> Comparer ne se limite pas au prix : la modularit\u00e9 et les services associ\u00e9s d\u00e9terminent la valeur r\u00e9elle d&rsquo;une pr\u00e9voyance.<\/p>\n\n<figure class=\"wp-block-image size-full\"><img decoding=\"async\" width=\"1536\" height=\"1024\" src=\"https:\/\/gestiondepatrimoinearles.fr\/blog\/wp-content\/uploads\/2026\/04\/Assurance-Prevoyance-Personnalisee-pour-Particuliers-et-Tres-Petites-Entreprises-2.jpg\" alt=\"d\u00e9couvrez notre assurance pr\u00e9voyance personnalis\u00e9e, con\u00e7ue sp\u00e9cialement pour les particuliers et les tr\u00e8s petites entreprises. prot\u00e9gez-vous et vos proches avec des garanties adapt\u00e9es \u00e0 vos besoins.\" class=\"wp-image-221\" srcset=\"https:\/\/gestiondepatrimoinearles.fr\/blog\/wp-content\/uploads\/2026\/04\/Assurance-Prevoyance-Personnalisee-pour-Particuliers-et-Tres-Petites-Entreprises-2.jpg 1536w, https:\/\/gestiondepatrimoinearles.fr\/blog\/wp-content\/uploads\/2026\/04\/Assurance-Prevoyance-Personnalisee-pour-Particuliers-et-Tres-Petites-Entreprises-2-300x200.jpg 300w, https:\/\/gestiondepatrimoinearles.fr\/blog\/wp-content\/uploads\/2026\/04\/Assurance-Prevoyance-Personnalisee-pour-Particuliers-et-Tres-Petites-Entreprises-2-1024x683.jpg 1024w, https:\/\/gestiondepatrimoinearles.fr\/blog\/wp-content\/uploads\/2026\/04\/Assurance-Prevoyance-Personnalisee-pour-Particuliers-et-Tres-Petites-Entreprises-2-768x512.jpg 768w\" sizes=\"(max-width: 1536px) 100vw, 1536px\" \/><\/figure>\n\n<h2 class=\"wp-block-heading\"><span class=\"ez-toc-section\" id=\"Processus_de_souscription_etapes_pratiques_et_conseils_pour_une_mise_en_place_efficace\"><\/span>Processus de souscription, \u00e9tapes pratiques et conseils pour une mise en place efficace<span class=\"ez-toc-section-end\"><\/span><\/h2>\n\n<p class=\"wp-block-paragraph\">Mettre en place une <strong>assurance pr\u00e9voyance personnalis\u00e9e<\/strong> suit des \u00e9tapes structur\u00e9es. D&rsquo;abord, \u00e9valuez les besoins r\u00e9els : profil des salari\u00e9s, charges fixes, risques m\u00e9tiers. Ensuite, demandez plusieurs devis et comparez les garanties, le co\u00fbt employeur\/salari\u00e9, la gestion des sinistres et les services d&rsquo;accompagnement.<\/p>\n\n<h3 class=\"wp-block-heading\">\u00c9tapes classiques de souscription<\/h3>\n\n<ol class=\"wp-block-list\"><li>Analyse des besoins et d\u00e9termination du budget.<\/li><li>Recueil de devis aupr\u00e8s de plusieurs organismes.<\/li><li>\u00c9tude d\u00e9taill\u00e9e des notices et conditions g\u00e9n\u00e9rales.<\/li><li>N\u00e9gociation des options et de la p\u00e9riodicit\u00e9 des cotisations.<\/li><li>Signature et communication aux salari\u00e9s (adh\u00e9sion collective si n\u00e9cessaire).<\/li><\/ol>\n\n<p class=\"wp-block-paragraph\">Le d\u00e9lai de mise en place est souvent de 1 \u00e0 2 mois, selon la n\u00e9cessit\u00e9 d&rsquo;un questionnaire m\u00e9dical et les formalit\u00e9s d&rsquo;adh\u00e9sion collective. Pour \u00e9viter les mauvaises surprises, v\u00e9rifiez les d\u00e9lais d&rsquo;application des garanties et les conditions de r\u00e9siliation.<\/p>\n\n<h3 class=\"wp-block-heading\">Conseils pratiques pour les dirigeants de TPE<\/h3>\n\n<p class=\"wp-block-paragraph\">Privil\u00e9giez la simplicit\u00e9 administrative si vous n&rsquo;avez pas de service RH d\u00e9di\u00e9. Des portails digitaux peuvent automatiser l&rsquo;adh\u00e9sion et la gestion des sinistres. Assurez-vous \u00e9galement que l&rsquo;offre couvre les risques sp\u00e9cifiques \u00e0 votre activit\u00e9 (risque professionnel, d\u00e9placements). Enfin, pr\u00e9parez une communication claire pour vos salari\u00e9s : transparence sur la part employeur, sur les prestations et sur la proc\u00e9dure en cas de sinistre.<\/p>\n\n<p class=\"wp-block-paragraph\">Un dernier conseil : planifiez une r\u00e9vision annuelle de votre contrat pour ajuster la couverture selon l&rsquo;\u00e9volution de votre effectif et de votre chiffre d&rsquo;affaires. Marie a int\u00e9gr\u00e9 cette discipline : chaque ann\u00e9e elle revoit les options, ce qui lui a permis d&rsquo;int\u00e9grer une garantie pour maladie longue dur\u00e9e lorsque son salari\u00e9 principal a atteint 50 ans.<\/p>\n\n<p class=\"wp-block-paragraph\"><strong>Insight :<\/strong> Une mise en place ma\u00eetris\u00e9e et une r\u00e9vision annuelle garantissent une couverture r\u00e9elle et durable, adapt\u00e9e \u00e0 l&rsquo;\u00e9volution de l&rsquo;entreprise.<\/p>\n\n<figure class=\"wp-block-image size-full\"><img decoding=\"async\" width=\"1536\" height=\"1024\" src=\"https:\/\/gestiondepatrimoinearles.fr\/blog\/wp-content\/uploads\/2026\/04\/Assurance-Prevoyance-Personnalisee-pour-Particuliers-et-Tres-Petites-Entreprises-3.jpg\" alt=\"d\u00e9couvrez notre assurance pr\u00e9voyance personnalis\u00e9e, sp\u00e9cialement con\u00e7ue pour les particuliers et les tr\u00e8s petites entreprises, assurant votre s\u00e9curit\u00e9 et celle de vos proches en toutes circonstances.\" class=\"wp-image-222\" srcset=\"https:\/\/gestiondepatrimoinearles.fr\/blog\/wp-content\/uploads\/2026\/04\/Assurance-Prevoyance-Personnalisee-pour-Particuliers-et-Tres-Petites-Entreprises-3.jpg 1536w, https:\/\/gestiondepatrimoinearles.fr\/blog\/wp-content\/uploads\/2026\/04\/Assurance-Prevoyance-Personnalisee-pour-Particuliers-et-Tres-Petites-Entreprises-3-300x200.jpg 300w, https:\/\/gestiondepatrimoinearles.fr\/blog\/wp-content\/uploads\/2026\/04\/Assurance-Prevoyance-Personnalisee-pour-Particuliers-et-Tres-Petites-Entreprises-3-1024x683.jpg 1024w, https:\/\/gestiondepatrimoinearles.fr\/blog\/wp-content\/uploads\/2026\/04\/Assurance-Prevoyance-Personnalisee-pour-Particuliers-et-Tres-Petites-Entreprises-3-768x512.jpg 768w\" sizes=\"(max-width: 1536px) 100vw, 1536px\" \/><\/figure>\n\n<h2 class=\"wp-block-heading\"><span class=\"ez-toc-section\" id=\"Scenarios_types_etudes_de_cas_et_recommandations_pour_adapter_la_couverture\"><\/span>Sc\u00e9narios types, \u00e9tudes de cas et recommandations pour adapter la couverture<span class=\"ez-toc-section-end\"><\/span><\/h2>\n\n<p class=\"wp-block-paragraph\">Pour rendre concret le choix d&rsquo;une pr\u00e9voyance, illustrons trois sc\u00e9narios adapt\u00e9s aux effectifs et profils. Ces cas r\u00e9els aident \u00e0 comprendre les arbitrages possibles entre co\u00fbt et protection.<\/p>\n\n<h3 class=\"wp-block-heading\">Sc\u00e9nario 1 \u2014 Micro-entreprise (1\u20135 salari\u00e9s)<\/h3>\n\n<p class=\"wp-block-paragraph\">Objectif : couvrir l&rsquo;essentiel sans alourdir la masse salariale. Solution privil\u00e9gi\u00e9e : formule socle avec <strong>garantie d\u00e9c\u00e8s<\/strong> et <strong>indemnit\u00e9s journali\u00e8res<\/strong>, \u00e9ventuellement un capital obs\u00e8ques. Exemple : une boulangerie de 4 salari\u00e9s opte pour une formule \u00e0 22 \u20ac\/mois par salari\u00e9 avec carence de 7 jours et indemnit\u00e9s compl\u00e9mentaires jusqu&rsquo;\u00e0 90 jours. Avantage : co\u00fbt ma\u00eetris\u00e9 et proc\u00e9dure simple d&rsquo;adh\u00e9sion.<\/p>\n\n<h3 class=\"wp-block-heading\">Sc\u00e9nario 2 \u2014 Petite PME (6\u201320 salari\u00e9s)<\/h3>\n\n<p class=\"wp-block-paragraph\">Objectif : ajouter des services (assistance, accompagnement au retour \u00e0 l&#8217;emploi) et une rente \u00e9ducation. Solution : package interm\u00e9diaire avec couverture plus \u00e9tendue pour arr\u00eats longs et invalidit\u00e9. Exemple : une agence de communication avec salari\u00e9s s&rsquo;oriente vers une offre modulable incluant des prestations RH externalis\u00e9es et des t\u00e9l\u00e9consultations. Impact : meilleure fid\u00e9lisation et gestion simplifi\u00e9e des sinistres.<\/p>\n\n<h3 class=\"wp-block-heading\">Sc\u00e9nario 3 \u2014 Structure en croissance (20+ salari\u00e9s)<\/h3>\n\n<p class=\"wp-block-paragraph\">Objectif : pr\u00e9voir l&rsquo;\u00e9volutivit\u00e9 et la gouvernance des risques. Solution : contrat \u00e9volutif avec niveaux de garanties distingu\u00e9s selon cat\u00e9gories professionnelles (cadres\/non-cadres), et services de pr\u00e9vention. Exemple : une PME tech a mis en place un niveau senior pour les cadres, int\u00e9grant une rente invalidit\u00e9 renforc\u00e9e. R\u00e9sultat : attractivit\u00e9 renforc\u00e9e et gestion budg\u00e9taire multi-axes.<\/p>\n\n<p class=\"wp-block-paragraph\">Recommandations g\u00e9n\u00e9rales : priorisez la transparence des exclusions, fixez une politique claire sur la r\u00e9partition cotisation employeur\/salari\u00e9 et sollicitez un courtier pour optimiser le rapport qualit\u00e9\/prix. Enfin, n&rsquo;oubliez pas l&rsquo;articulation entre <strong>compl\u00e9mentaire sant\u00e9<\/strong> et pr\u00e9voyance : ensemble, elles forment une protection coh\u00e9rente et compl\u00e8te.<\/p>\n\n<p class=\"wp-block-paragraph\"><strong>Insight :<\/strong> Adapter la pr\u00e9voyance \u00e0 la taille et au profil de l&rsquo;entreprise maximise la r\u00e9silience financi\u00e8re et humaine sans compromettre la comp\u00e9titivit\u00e9.<\/p>\n\n<script type=\"application\/ld+json\">\n{\"@context\":\"https:\/\/schema.org\",\"@type\":\"FAQPage\",\"mainEntity\":[{\"@type\":\"Question\",\"name\":\"Quelles diffu00e9rences entre pru00e9voyance collective et pru00e9voyance individuelle ?\",\"acceptedAnswer\":{\"@type\":\"Answer\",\"text\":\"La pru00e9voyance collective est souscrite par l'employeur pour un groupe de salariu00e9s et offre souvent des conditions tarifaires et administratives avantageuses. La pru00e9voyance individuelle est souscrite par un particulier pour complu00e9ter sa protection. Le choix du00e9pend de la situation professionnelle et des besoins familiaux.\"}},{\"@type\":\"Question\",\"name\":\"Quel budget pru00e9voir pour une pru00e9voyance TPE ?\",\"acceptedAnswer\":{\"@type\":\"Answer\",\"text\":\"En ru00e8gle gu00e9nu00e9rale, pru00e9voyez entre 20 u20ac et 40 u20ac par salariu00e9 et par mois pour une formule standard PME\/TPE. Le montant varie selon les garanties choisies, l'u00e2ge des assuru00e9s, le secteur d'activitu00e9 et les options de services associu00e9es.\"}},{\"@type\":\"Question\",\"name\":\"Comment du00e9clarer un sinistre et combien de temps pour le versement ?\",\"acceptedAnswer\":{\"@type\":\"Answer\",\"text\":\"La du00e9claration se fait aupru00e8s de l'assureur selon la procu00e9dure indiquu00e9e dans la notice. Les du00e9lais de versement du00e9pendent des justificatifs fournis et des du00e9lais de carence pru00e9vus au contrat ; il est fru00e9quent d'observer des du00e9lais de quelques semaines u00e0 deux mois.\"}},{\"@type\":\"Question\",\"name\":\"La pru00e9voyance couvre-t-elle les maladies longues ou professionnelles ?\",\"acceptedAnswer\":{\"@type\":\"Answer\",\"text\":\"Certaines garanties incluent les affections de longue duru00e9e et les risques professionnels, mais cela doit u00eatre vu00e9rifiu00e9 dans les exclusions. Il est essentiel d'ajuster le contrat pour couvrir les spu00e9cificitu00e9s du mu00e9tier.\"}}]}\n<\/script>\n<h3>Quelles diff\u00e9rences entre pr\u00e9voyance collective et pr\u00e9voyance individuelle ?<\/h3>\n<p>La pr\u00e9voyance collective est souscrite par l&#8217;employeur pour un groupe de salari\u00e9s et offre souvent des conditions tarifaires et administratives avantageuses. La pr\u00e9voyance individuelle est souscrite par un particulier pour compl\u00e9ter sa protection. Le choix d\u00e9pend de la situation professionnelle et des besoins familiaux.<\/p>\n<h3>Quel budget pr\u00e9voir pour une pr\u00e9voyance TPE ?<\/h3>\n<p>En r\u00e8gle g\u00e9n\u00e9rale, pr\u00e9voyez entre 20 \u20ac et 40 \u20ac par salari\u00e9 et par mois pour une formule standard PME\/TPE. Le montant varie selon les garanties choisies, l&rsquo;\u00e2ge des assur\u00e9s, le secteur d&rsquo;activit\u00e9 et les options de services associ\u00e9es.<\/p>\n<h3>Comment d\u00e9clarer un sinistre et combien de temps pour le versement ?<\/h3>\n<p>La d\u00e9claration se fait aupr\u00e8s de l&rsquo;assureur selon la proc\u00e9dure indiqu\u00e9e dans la notice. Les d\u00e9lais de versement d\u00e9pendent des justificatifs fournis et des d\u00e9lais de carence pr\u00e9vus au contrat ; il est fr\u00e9quent d&rsquo;observer des d\u00e9lais de quelques semaines \u00e0 deux mois.<\/p>\n<h3>La pr\u00e9voyance couvre-t-elle les maladies longues ou professionnelles ?<\/h3>\n<p>Certaines garanties incluent les affections de longue dur\u00e9e et les risques professionnels, mais cela doit \u00eatre v\u00e9rifi\u00e9 dans les exclusions. Il est essentiel d&rsquo;ajuster le contrat pour couvrir les sp\u00e9cificit\u00e9s du m\u00e9tier.<\/p>\n\n","protected":false},"excerpt":{"rendered":"<p>Dirigeants de micro-entreprises, ind\u00e9pendants et particuliers \u00e0 la recherche d&rsquo;une assurance pr\u00e9voyance personnalis\u00e9e : cet article propose un panorama concret et op\u00e9rationnel pour prot\u00e9ger vos revenus, vos proches et la p\u00e9rennit\u00e9 de vos activit\u00e9s. En s&rsquo;appuyant sur des exemples pratiques \u2014 dont celui de Marie, boulang\u00e8re artisanale \u00e0 la t\u00eate d&rsquo;une tr\u00e8s petite entreprise de &#8230; <a title=\"Assurance Pr\u00e9voyance Personnalis\u00e9e pour Particuliers et Tr\u00e8s Petites Entreprises\" class=\"read-more\" href=\"https:\/\/gestiondepatrimoinearles.fr\/blog\/assurance-prevoyance-tpe-223\" aria-label=\"En savoir plus sur Assurance Pr\u00e9voyance Personnalis\u00e9e pour Particuliers et Tr\u00e8s Petites Entreprises\">Lire la suite<\/a><\/p>\n","protected":false},"author":1,"featured_media":219,"comment_status":"open","ping_status":"open","sticky":false,"template":"","format":"standard","meta":{"_crdt_document":"","footnotes":""},"categories":[6],"tags":[],"class_list":["post-223","post","type-post","status-publish","format-standard","has-post-thumbnail","hentry","category-assurance-vie"],"_links":{"self":[{"href":"https:\/\/gestiondepatrimoinearles.fr\/blog\/wp-json\/wp\/v2\/posts\/223","targetHints":{"allow":["GET"]}}],"collection":[{"href":"https:\/\/gestiondepatrimoinearles.fr\/blog\/wp-json\/wp\/v2\/posts"}],"about":[{"href":"https:\/\/gestiondepatrimoinearles.fr\/blog\/wp-json\/wp\/v2\/types\/post"}],"author":[{"embeddable":true,"href":"https:\/\/gestiondepatrimoinearles.fr\/blog\/wp-json\/wp\/v2\/users\/1"}],"replies":[{"embeddable":true,"href":"https:\/\/gestiondepatrimoinearles.fr\/blog\/wp-json\/wp\/v2\/comments?post=223"}],"version-history":[{"count":0,"href":"https:\/\/gestiondepatrimoinearles.fr\/blog\/wp-json\/wp\/v2\/posts\/223\/revisions"}],"wp:featuredmedia":[{"embeddable":true,"href":"https:\/\/gestiondepatrimoinearles.fr\/blog\/wp-json\/wp\/v2\/media\/219"}],"wp:attachment":[{"href":"https:\/\/gestiondepatrimoinearles.fr\/blog\/wp-json\/wp\/v2\/media?parent=223"}],"wp:term":[{"taxonomy":"category","embeddable":true,"href":"https:\/\/gestiondepatrimoinearles.fr\/blog\/wp-json\/wp\/v2\/categories?post=223"},{"taxonomy":"post_tag","embeddable":true,"href":"https:\/\/gestiondepatrimoinearles.fr\/blog\/wp-json\/wp\/v2\/tags?post=223"}],"curies":[{"name":"wp","href":"https:\/\/api.w.org\/{rel}","templated":true}]}}